{"id":5154,"date":"2026-04-27T08:54:58","date_gmt":"2026-04-27T06:54:58","guid":{"rendered":"https:\/\/panafricando.org\/?p=5154"},"modified":"2026-04-29T08:55:27","modified_gmt":"2026-04-29T06:55:27","slug":"panafricando-aps-resoconto-dellincontro-con-le-comunita-africane-un-nuovo-capitolo-per-panafricando-aps","status":"publish","type":"post","link":"https:\/\/panafricando.org\/index.php\/2026\/04\/27\/panafricando-aps-resoconto-dellincontro-con-le-comunita-africane-un-nuovo-capitolo-per-panafricando-aps\/","title":{"rendered":"Panafricando-Aps , resoconto dell\u2019incontro con le Comunit\u00e0 Africane &#8211;  Un nuovo capitolo per Panafricando-Aps &#8211;"},"content":{"rendered":"<p>[et_pb_section fb_built=&#8221;1&#8243; _builder_version=&#8221;4.17.4&#8243; _module_preset=&#8221;default&#8221; custom_padding=&#8221;12px||33px||false|&#8221; global_colors_info=&#8221;{}&#8221;][et_pb_row _builder_version=&#8221;4.17.4&#8243; _module_preset=&#8221;default&#8221; custom_margin=&#8221;|auto||15px||&#8221; custom_padding=&#8221;15px|||||&#8221; global_colors_info=&#8221;{}&#8221;][et_pb_column type=&#8221;4_4&#8243; _builder_version=&#8221;4.17.4&#8243; _module_preset=&#8221;default&#8221; global_colors_info=&#8221;{}&#8221;][et_pb_text _builder_version=&#8221;4.17.4&#8243; _module_preset=&#8221;default&#8221; custom_margin=&#8221;|-17px||-17px|false|true&#8221; custom_padding=&#8221;6px||6px||true|false&#8221; hover_enabled=&#8221;0&#8243; global_colors_info=&#8221;{}&#8221; sticky_enabled=&#8221;0&#8243;]<\/p>\n<div class=\"x11i5rnm xat24cr x1mh8g0r x1vvkbs xtlvy1s x126k92a\">\n<div dir=\"auto\">\n<h1 class=\"entry-title\">Panafricando-Aps , resoconto dell\u2019incontro con le Comunit\u00e0 Africane \u2013 Un nuovo capitolo per Panafricando-Aps \u2013<\/h1>\n<p>&nbsp;<\/p>\n<h3 data-path-to-node=\"4\"><i data-path-to-node=\"4\" data-index-in-node=\"0\">Torino, 26 Aprile \u2013 Sede Panafricando-Aps<\/i><\/h3>\n<p data-path-to-node=\"5\">Domenica 26 aprile, presso la sede di Via Brindisi 18\/c, si \u00e8 svolto l\u2019atteso incontro tra la presidenza uscente di Panafricando-Aps, i responsabili delle comunit\u00e0 africane e i numerosi partner del territorio. L\u2019incontro, svoltosi in un clima di grande partecipazione e commozione, \u00e8 durato dalle ore 16:00 fino alle 19:00.<\/p>\n<p data-path-to-node=\"6\">Per garantire la massima inclusione, l\u2019evento \u00e8 stato trasmesso anche in diretta sulla piattaforma <b data-path-to-node=\"6\" data-index-in-node=\"99\">Google Meet<\/b>, permettendo la partecipazione a distanza di numerosi soci e amici, tra cui il <b data-path-to-node=\"6\" data-index-in-node=\"190\">Vice-Presidente dell\u2019attuale esecutivo<\/b>, collegato in diretta dalla Guinea.<\/p>\n<h4 data-path-to-node=\"7\">1. Un bilancio di 12 anni di impegno<\/h4>\n<p data-path-to-node=\"8\">Il Presidente uscente, <b data-path-to-node=\"8\" data-index-in-node=\"23\">Bohui J\u00e9r\u00f4me Gohour\u00e9<\/b>, ha aperto l&#8217;incontro ripercorrendo le tappe fondamentali di un viaggio iniziato nel 2013. J\u00e9r\u00f4me ha ricordato come il Festival Panafricano sia nato dalla volont\u00e0 dei pionieri di 12 nazioni africane per combattere l\u2019invisibilit\u00e0 delle comunit\u00e0 e creare una vetrina per l\u2019arte, la cultura e la gastronomia africana a Torino. <i data-path-to-node=\"8\" data-index-in-node=\"368\">&#8220;Il nostro obiettivo \u00e8 sempre stato l&#8217;inclusione reale e la salvaguardia delle radici per i figli nati qui&#8221;<\/i>, ha dichiarato Gohour\u00e9, sottolineando come la scelta della data simbolica (la nascita dell&#8217;OUA) sia servita a instillare orgoglio e fratellanza.<\/p>\n<h4 data-path-to-node=\"9\">2. Presentazione del nuovo esecutivo e futuro dell\u2019Associazione<\/h4>\n<p data-path-to-node=\"10\">Il momento centrale \u00e8 stato dedicato alla presentazione ufficiale del <b data-path-to-node=\"10\" data-index-in-node=\"70\">nuovo esecutivo<\/b>. J\u00e9r\u00f4me ha espresso la sua totale fiducia nella nuova squadra presieduto dalla <strong>signora Liuba Forte che \u00e8 stata a fianco a lui da 2016 (10 anni) in vari ruoli<\/strong>, esortando tutte le associazioni presenti a fare altrettanto.<\/p>\n<p>\u00c8 stato lanciato un appello fondamentale: affinch\u00e9 le comunit\u00e0 siano davvero protagoniste del proprio destino, ogni associazione \u00e8 invitata ad aderire formalmente a Panafricando-Aps con un proprio membro, portando nuove competenze e volontari nei gruppi di lavoro.<\/p>\n<h4 data-path-to-node=\"11\">3. Opportunit\u00e0 e Bandi<\/h4>\n<p data-path-to-node=\"12\">Durante il pomeriggio \u00e8 stato presentato un <b data-path-to-node=\"12\" data-index-in-node=\"44\">nuovo bando<\/b> rivolto alle associazioni delle comunit\u00e0, finalizzato a stimolare la progettualit\u00e0 comune e la partecipazione attiva a futuri eventi e iniziative di sviluppo.<\/p>\n<h4 data-path-to-node=\"13\">4. Conclusioni e Saluti<\/h4>\n<p data-path-to-node=\"14\">J\u00e9r\u00f4me Gohour\u00e9 ha concluso il suo mandato ringraziando per la fiducia ricevuta in questi 12 anni, confermando che, pur lasciando la carica, rester\u00e0 sempre a disposizione come risorsa e sostegno per l\u2019associazione.<\/p>\n<p data-path-to-node=\"15\">L&#8217;incontro si \u00e8 chiuso con un momento di convivialit\u00e0 e la promessa di continuare a lavorare insieme per una comunit\u00e0 africana a Torino sempre pi\u00f9 unita e visibile.<\/p>\n<\/p>\n<\/div>\n<\/div>\n<div class=\"x11i5rnm xat24cr x1mh8g0r x1vvkbs xtlvy1s x126k92a\">\n<div dir=\"auto\"><strong>Servizio Com-Panafricando-Aps<\/strong><\/div>\n<\/div>\n<p>[\/et_pb_text][\/et_pb_column][\/et_pb_row][\/et_pb_section]<\/p>\n","protected":false},"excerpt":{"rendered":"<p>Panafricando-Aps , resoconto dell\u2019incontro con le Comunit\u00e0 Africane \u2013 Un nuovo capitolo per Panafricando-Aps \u2013 &nbsp; Torino, 26 Aprile \u2013 Sede Panafricando-Aps Domenica 26 aprile, presso la sede di Via Brindisi 18\/c, si \u00e8 svolto l\u2019atteso incontro tra la presidenza uscente di Panafricando-Aps, i responsabili delle comunit\u00e0 africane e i numerosi partner del territorio. L\u2019incontro, [&hellip;]<\/p>\n","protected":false},"author":1,"featured_media":5178,"comment_status":"closed","ping_status":"closed","sticky":false,"template":"","format":"standard","meta":{"_et_pb_use_builder":"on","_et_pb_old_content":"","_et_gb_content_width":"","footnotes":""},"categories":[6,4,14],"tags":[],"class_list":["post-5154","post","type-post","status-publish","format-standard","has-post-thumbnail","hentry","category-attualita","category-eventi","category-info-utile"],"_links":{"self":[{"href":"https:\/\/panafricando.org\/index.php\/wp-json\/wp\/v2\/posts\/5154","targetHints":{"allow":["GET"]}}],"collection":[{"href":"https:\/\/panafricando.org\/index.php\/wp-json\/wp\/v2\/posts"}],"about":[{"href":"https:\/\/panafricando.org\/index.php\/wp-json\/wp\/v2\/types\/post"}],"author":[{"embeddable":true,"href":"https:\/\/panafricando.org\/index.php\/wp-json\/wp\/v2\/users\/1"}],"replies":[{"embeddable":true,"href":"https:\/\/panafricando.org\/index.php\/wp-json\/wp\/v2\/comments?post=5154"}],"version-history":[{"count":9,"href":"https:\/\/panafricando.org\/index.php\/wp-json\/wp\/v2\/posts\/5154\/revisions"}],"predecessor-version":[{"id":5181,"href":"https:\/\/panafricando.org\/index.php\/wp-json\/wp\/v2\/posts\/5154\/revisions\/5181"}],"wp:featuredmedia":[{"embeddable":true,"href":"https:\/\/panafricando.org\/index.php\/wp-json\/wp\/v2\/media\/5178"}],"wp:attachment":[{"href":"https:\/\/panafricando.org\/index.php\/wp-json\/wp\/v2\/media?parent=5154"}],"wp:term":[{"taxonomy":"category","embeddable":true,"href":"https:\/\/panafricando.org\/index.php\/wp-json\/wp\/v2\/categories?post=5154"},{"taxonomy":"post_tag","embeddable":true,"href":"https:\/\/panafricando.org\/index.php\/wp-json\/wp\/v2\/tags?post=5154"}],"curies":[{"name":"wp","href":"https:\/\/api.w.org\/{rel}","templated":true}]}}