{"id":5084,"date":"2026-03-13T19:46:20","date_gmt":"2026-03-13T18:46:20","guid":{"rendered":"https:\/\/panafricando.org\/?p=5084"},"modified":"2026-03-13T22:36:49","modified_gmt":"2026-03-13T21:36:49","slug":"panafricando-aps-informa-dell-evento-orizzonti-sostenibili-lafrica-non-e-cosi-cronache-da-un-continente-frainteso","status":"publish","type":"post","link":"https:\/\/panafricando.org\/index.php\/2026\/03\/13\/panafricando-aps-informa-dell-evento-orizzonti-sostenibili-lafrica-non-e-cosi-cronache-da-un-continente-frainteso\/","title":{"rendered":"Panafricando-Aps  informa dell&#8217; evento &#8216;ORIZZONTI SOSTENIBILI: &#8220;L&#8217;AFRICA NON E&#8217; COSI&#8217;. CRONACHE DA UN CONTINENTE FRAINTESO&#8221;"},"content":{"rendered":"<p>[et_pb_section fb_built=&#8221;1&#8243; _builder_version=&#8221;4.17.4&#8243; _module_preset=&#8221;default&#8221; custom_padding=&#8221;12px||33px||false|&#8221; global_colors_info=&#8221;{}&#8221;][et_pb_row _builder_version=&#8221;4.17.4&#8243; _module_preset=&#8221;default&#8221; custom_margin=&#8221;|auto||15px||&#8221; custom_padding=&#8221;15px|||||&#8221; global_colors_info=&#8221;{}&#8221;][et_pb_column type=&#8221;4_4&#8243; _builder_version=&#8221;4.17.4&#8243; _module_preset=&#8221;default&#8221; global_colors_info=&#8221;{}&#8221;][et_pb_text _builder_version=&#8221;4.17.4&#8243; _module_preset=&#8221;default&#8221; custom_margin=&#8221;|-17px||-17px|false|true&#8221; custom_padding=&#8221;6px||6px||true|false&#8221; hover_enabled=&#8221;0&#8243; global_colors_info=&#8221;{}&#8221; sticky_enabled=&#8221;0&#8243;]<\/p>\n<div class=\"x11i5rnm xat24cr x1mh8g0r x1vvkbs xtlvy1s x126k92a\">\n<div dir=\"auto\">\n<h1 class=\"entry-title\">Panafricando-Aps informa dell\u2019 evento \u2018ORIZZONTI SOSTENIBILI: \u201cL\u2019AFRICA NON E\u2019 COSI\u2019. CRONACHE DA UN CONTINENTE FRAINTESO\u201d<\/h1>\n<p data-path-to-node=\"4\"><b data-path-to-node=\"4\" data-index-in-node=\"0\">Panafricando-Aps<\/b>, invitato da <b>CISAO<\/b>, in collaborazione con DISAFA, CPS e progetto TOAfrica, al <b>quinto\u00a0appuntamento\u00a0<\/b>dell&#8217;iniziativa &#8220;<b>Orizzonti Sostenibili<\/b>&#8220;, dal titolo &#8220;<b>L&#8217;Africa non \u00e8 cos\u00ec. Cronache da un continente frainteso<\/b>&#8220;.<\/p>\n<div dir=\"ltr\">\n<div><\/div>\n<div>L&#8217;iniziativa &#8220;<b>Orizzonti Sostenibili&#8221;<span>\u00a0<\/span><\/b>\u00a0si concretizza in un<span>\u00a0<\/span><b>ciclo<span>\u00a0<\/span><\/b>di<span>\u00a0<\/span><b>sei incontri<span>\u00a0<\/span><\/b>dedicati all&#8217;esplorazione delle complesse dinamiche che caratterizzano il continente africano contemporaneo, con particolare attenzione alle questioni ambientali, ai diritti umani e alle prospettive future.<\/div>\n<div><\/div>\n<div>Attraverso<span>\u00a0<\/span><b>dialoghi interdisciplinari<\/b>, il programma vuole promuovere una comprensione pi\u00f9 profonda e sfaccettata dell&#8217;<b>Africa<\/b>, superando stereotipi e narrazioni riduttive. Un&#8217;occasione di<span>\u00a0<\/span><b>confronto<span>\u00a0<\/span><\/b>che si propone di andare oltre le mura accademiche, per incontrare la societ\u00e0 civile in un dialogo che parte dalla decostruzione del conformismo del luogo comune e termina con la co-costruzione di un percorso nuovo, un<span>\u00a0<\/span><b>bene comune<\/b>.<\/div>\n<div><\/div>\n<div>La rassegna di incontri serali si terr\u00e0 presso<span>\u00a0<\/span><b>Binaria Centro Commensale<span>\u00a0<\/span><\/b>di Torino. Nell&#8217;idea di dialogo e di confronto appena descritta, Binaria, spazio del Gruppo Abele, rappresenta il luogo ideale per ospitare &#8220;<b>Orizzonti Sostenibili<\/b>&#8220;. Da anni, infatti, Binaria rappresenta uno spazio d&#8217;incontro e di discussione che si dedica alla formazione, alla ricerca e al dialogo interculturale promuovendo iniziative di sensibilizzazione, dibattiti, approfondimenti e corsi rivolti alla comunit\u00e0.<\/div>\n<div><\/div>\n<p>L&#8217;evento si terr\u00e0<span>\u00a0<\/span><b>gioved\u00ec 19 marzo alle ore 18.30<\/b><span>\u00a0<\/span>e sar\u00e0 dedicato a una riflessione sull&#8217;immaginario occidentale che, dal colonialismo a oggi, ha spesso raccontato il continente africano attraverso stereotipi e semplificazioni. Offrir\u00e0 l&#8217;occasione per interrogarsi su queste narrazioni dominanti e sugli sguardi paternalistici e caritatevoli che ancora oggi alimentano luoghi comuni e afropessimismo.<\/p>\n<p>A partire dalla presentazione del libro &#8220;L&#8217;Africa non \u00e8 cos\u00ec. Cronache da un continente frainteso&#8221; (Einaudi, 2025) di Chiara Piaggio,\u00a0 l&#8217;incontro aprir\u00e0 uno spazio di dialogo per mettere in discussione gli stereotipi pi\u00f9 radicati e restituire maggiore complessit\u00e0 alle realt\u00e0 sociali, culturali ed economiche del continente africano.<\/p>\n<\/div>\n<div dir=\"ltr\">\n<div><\/div>\n<div>Intervengono:<\/div>\n<div><b>Chiara Piaggio<\/b>: Filosofa, antropologa e scrittrice con un&#8217;esperienza ventennale in Africa Sub-sahariana. Si occupa di cultura e letteratura africana, dei grandi cambiamenti che interessano il Continente e svolge consulenze in ambito filantropico. Ha pubblicato &#8220;L&#8217;Africa non \u00e8 cos\u00ec. Cronache da un continente frainteso&#8221; (Einaudi, 2025)<\/div>\n<div>\n<p><b>Marco Aime<\/b>: Antropologo, scrittore, fotografo. Docente di Antropologia culturale all&#8217;Universit\u00e0 di Genova. Ha condotto ricerche sulle Alpi e in Africa Occidentale (Benin, Burkina Faso, Mali).<\/p>\n<p><strong>Modera:<\/strong><\/p>\n<\/div>\n<div>\n<p><b><br \/>Cristiana Peano<\/b>: Presidentessa del CISAO e professoressa ordinaria di filiera dei prodotti frutticoli e arboricoltura presso il Dipartimento di Scienze Agrarie, Forestali e Alimentari dell&#8217;Universit\u00e0 di Torino.<\/p>\n<\/p>\n<\/div>\n<\/div>\n<\/div>\n<\/div>\n<div class=\"x11i5rnm xat24cr x1mh8g0r x1vvkbs xtlvy1s x126k92a\">\n<div dir=\"auto\"><strong>Servizio Com-Panafricando-Aps<\/strong><\/div>\n<\/div>\n<p>[\/et_pb_text][et_pb_image src=&#8221;http:\/\/panafricando.org\/wp-content\/uploads\/2026\/03\/Quinto-incontro_Orizzonti-Sostenibili_CISAO-scaled.png&#8221; _builder_version=&#8221;4.17.4&#8243; _module_preset=&#8221;default&#8221; title_text=&#8221;Quinto incontro_Orizzonti Sostenibili_CISAO&#8221; hover_enabled=&#8221;0&#8243; sticky_enabled=&#8221;0&#8243;][\/et_pb_image][\/et_pb_column][\/et_pb_row][\/et_pb_section]<\/p>\n","protected":false},"excerpt":{"rendered":"<p>Panafricando-Aps informa dell\u2019 evento \u2018ORIZZONTI SOSTENIBILI: \u201cL\u2019AFRICA NON E\u2019 COSI\u2019. CRONACHE DA UN CONTINENTE FRAINTESO\u201d Panafricando-Aps, invitato da CISAO, in collaborazione con DISAFA, CPS e progetto TOAfrica, al quinto\u00a0appuntamento\u00a0dell&#8217;iniziativa &#8220;Orizzonti Sostenibili&#8221;, dal titolo &#8220;L&#8217;Africa non \u00e8 cos\u00ec. Cronache da un continente frainteso&#8221;. L&#8217;iniziativa &#8220;Orizzonti Sostenibili&#8221;\u00a0\u00a0si concretizza in un\u00a0ciclo\u00a0di\u00a0sei incontri\u00a0dedicati all&#8217;esplorazione delle complesse dinamiche che caratterizzano [&hellip;]<\/p>\n","protected":false},"author":1,"featured_media":5086,"comment_status":"closed","ping_status":"closed","sticky":false,"template":"","format":"standard","meta":{"_et_pb_use_builder":"on","_et_pb_old_content":"","_et_gb_content_width":"","footnotes":""},"categories":[6,4,14],"tags":[],"class_list":["post-5084","post","type-post","status-publish","format-standard","has-post-thumbnail","hentry","category-attualita","category-eventi","category-info-utile"],"_links":{"self":[{"href":"https:\/\/panafricando.org\/index.php\/wp-json\/wp\/v2\/posts\/5084","targetHints":{"allow":["GET"]}}],"collection":[{"href":"https:\/\/panafricando.org\/index.php\/wp-json\/wp\/v2\/posts"}],"about":[{"href":"https:\/\/panafricando.org\/index.php\/wp-json\/wp\/v2\/types\/post"}],"author":[{"embeddable":true,"href":"https:\/\/panafricando.org\/index.php\/wp-json\/wp\/v2\/users\/1"}],"replies":[{"embeddable":true,"href":"https:\/\/panafricando.org\/index.php\/wp-json\/wp\/v2\/comments?post=5084"}],"version-history":[{"count":5,"href":"https:\/\/panafricando.org\/index.php\/wp-json\/wp\/v2\/posts\/5084\/revisions"}],"predecessor-version":[{"id":5095,"href":"https:\/\/panafricando.org\/index.php\/wp-json\/wp\/v2\/posts\/5084\/revisions\/5095"}],"wp:featuredmedia":[{"embeddable":true,"href":"https:\/\/panafricando.org\/index.php\/wp-json\/wp\/v2\/media\/5086"}],"wp:attachment":[{"href":"https:\/\/panafricando.org\/index.php\/wp-json\/wp\/v2\/media?parent=5084"}],"wp:term":[{"taxonomy":"category","embeddable":true,"href":"https:\/\/panafricando.org\/index.php\/wp-json\/wp\/v2\/categories?post=5084"},{"taxonomy":"post_tag","embeddable":true,"href":"https:\/\/panafricando.org\/index.php\/wp-json\/wp\/v2\/tags?post=5084"}],"curies":[{"name":"wp","href":"https:\/\/api.w.org\/{rel}","templated":true}]}}