{"id":4528,"date":"2025-10-13T18:41:30","date_gmt":"2025-10-13T16:41:30","guid":{"rendered":"https:\/\/panafricando.org\/?p=4528"},"modified":"2025-10-17T19:07:00","modified_gmt":"2025-10-17T17:07:00","slug":"incontro-spazio-comuni-scelte-condivise-patti-e-politiche-con-chi-abita-il-territorio","status":"publish","type":"post","link":"https:\/\/panafricando.org\/index.php\/2025\/10\/13\/incontro-spazio-comuni-scelte-condivise-patti-e-politiche-con-chi-abita-il-territorio\/","title":{"rendered":"INCONTRO &#8211; Spazio comuni, scelte condivise: patti e politiche con chi abita il territorio."},"content":{"rendered":"<p>[et_pb_section fb_built=&#8221;1&#8243; _builder_version=&#8221;4.17.4&#8243; _module_preset=&#8221;default&#8221; custom_padding=&#8221;33px|||||&#8221; global_colors_info=&#8221;{}&#8221;][et_pb_row _builder_version=&#8221;4.17.4&#8243; _module_preset=&#8221;default&#8221; custom_padding=&#8221;15px|||||&#8221; global_colors_info=&#8221;{}&#8221;][et_pb_column type=&#8221;4_4&#8243; _builder_version=&#8221;4.17.4&#8243; _module_preset=&#8221;default&#8221; global_colors_info=&#8221;{}&#8221;][et_pb_text _builder_version=&#8221;4.17.4&#8243; _module_preset=&#8221;default&#8221; hover_enabled=&#8221;0&#8243; global_colors_info=&#8221;{}&#8221; sticky_enabled=&#8221;0&#8243;]<\/p>\n<p><strong>\u2013\u00a0<\/strong><strong><span style=\"color: #666666;\"><span style=\"font-family: Open Sans, Arial, sans-serif;\"><span style=\"font-size: small;\"><b>Il Presidente di Panafricando-Aps al Festival dell\u2019Accoglienza: Incontro su Patti e Politiche di Cittadinanza Attiva.<br \/><\/b><\/span><\/span><\/span><\/strong><i style=\"font-size: small; font-family: 'Open Sans', Arial, sans-serif; color: #666666;\">Spazi comuni, scelte condivise: un dibattito cruciale sulla co-programmazione e la cura dei beni comuni.<\/i><i> <\/i><i><\/i><\/p>\n<p align=\"left\"><span><span style=\"color: #666666;\"><span style=\"font-family: Open Sans, Arial, sans-serif;\"><span style=\"font-size: small;\"><i><b>Cari,<\/b><\/i><\/span><\/span><\/span><\/span><\/p>\n<p align=\"left\"><span style=\"color: #666666;\"><span style=\"font-family: Open Sans, Arial, sans-serif;\"><span style=\"font-size: small;\">Il Presidente di Panafricando-Aps \u00e8 lieto di annunciare la sua partecipazione come invitato all\u2019importante incontro\u00a0\u201cSpazi comuni, scelte condivise: patti e politiche con chi abita il territorio\u201d.<\/span><\/span><\/span><\/p>\n<p align=\"left\"><span style=\"color: #666666;\"><span style=\"font-family: Open Sans, Arial, sans-serif;\"><span style=\"font-size: small;\">L\u2019evento si terr\u00e0\u00a0Luned\u00ec 20 ottobre, dalle 15:00 alle 17:00, presso l\u2019Ufficio Pastorale Migranti \u2013 Via Cottolengo, 22 \u2013 Torino, nell\u2019ambito del\u00a0\u201cFestival dell\u2019Accoglienza\u201d.<\/span><\/span><\/span><\/p>\n<p align=\"left\"><strong><span style=\"color: #666666;\"><span style=\"font-family: Open Sans, Arial, sans-serif;\"><span style=\"font-size: small;\">Descrizione dell\u2019Incontro:<\/span><\/span><\/span><\/strong><\/p>\n<p align=\"left\"><span style=\"color: #666666;\"><span style=\"font-family: Open Sans, Arial, sans-serif;\"><span style=\"font-size: small;\">Nel contesto urbano contemporaneo, si fa sempre pi\u00f9 urgente la necessit\u00e0 di ridefinire il rapporto tra istituzioni e cittadini. Dalla stipula dei patti per la cura dei beni comuni ai recenti processi di co-programmazione e co-progettazione, si stanno aprendo nuove e significative opportunit\u00e0 di collaborazione tra cittadinanza, amministrazioni e organizzazioni del Terzo Settore.<\/span><\/span><\/span><\/p>\n<p align=\"left\"><span style=\"color: #666666;\"><span style=\"font-family: Open Sans, Arial, sans-serif;\"><span style=\"font-size: small;\">Questo dibattito mira a esplorare i modelli di partecipazione capaci di restituire voce a coloro che vivono quotidianamente i territori, mettendo in risalto l\u2019importanza delle pratiche di cittadinanza attiva, delle reti di prossimit\u00e0 e delle innovative forme di\u00a0<i>welfare<\/i>\u00a0condiviso. In un\u2019epoca in cui lo spazio pubblico rischia di essere marginalizzato, \u00e8 fondamentale interrogarsi su chi detiene il potere decisionale, chi \u00e8 coinvolto nei processi e chi, invece, ne resta escluso.<\/span><\/span><\/span><\/p>\n<p align=\"left\"><strong><span style=\"color: #666666;\"><span style=\"font-family: Open Sans, Arial, sans-serif;\"><span style=\"font-size: small;\">I relatori:<\/span><\/span><\/span><\/strong><\/p>\n<p align=\"left\"><span style=\"color: #666666;\"><span style=\"font-family: Open Sans, Arial, sans-serif;\"><span style=\"font-size: small;\">Ne discuteremo con:<\/span><\/span><\/span><\/p>\n<ul type=\"disc\">\n<li>\n<p align=\"left\"><span style=\"color: #666666;\"><span style=\"font-family: Open Sans, Arial, sans-serif;\"><span style=\"font-size: small;\"><strong>Daniela Ciaffi,<\/strong> Politecnico di Torino e Vice Presidente Labsus.<\/span><\/span><\/span><\/p>\n<\/li>\n<li>\n<p align=\"left\"><span style=\"color: #666666;\"><span style=\"font-family: Open Sans, Arial, sans-serif;\"><span style=\"font-size: small;\"><strong>Gianfranco Marocchi,<\/strong> Condirettore della rivista\u00a0<i>Impresa Sociale<\/i>\u00a0e Vicedirettore di Welforum.<\/span><\/span><\/span><\/p>\n<\/li>\n<li>\n<p align=\"left\"><span style=\"color: #666666;\"><span style=\"font-family: Open Sans, Arial, sans-serif;\"><span style=\"font-size: small;\">Insieme a rappresentanti di organizzazioni sociali, associazioni migranti e di comunit\u00e0, tra cui il nostro Presidente.<\/span><\/span><\/span><\/p>\n<\/li>\n<\/ul>\n<p align=\"left\"><span style=\"color: #666666;\"><span style=\"font-family: Open Sans, Arial, sans-serif;\"><span style=\"font-size: small;\">Modera l\u2019incontro:\u00a0<strong>Francesco Caligaris, <\/strong>Presidente ASAI.<\/span><\/span><\/span><\/p>\n<p align=\"left\"><span style=\"color: #666666;\"><span style=\"font-family: Open Sans, Arial, sans-serif;\"><span style=\"font-size: small;\">A seguire:<\/span><\/span><\/span><\/p>\n<p align=\"left\"><span style=\"color: #666666;\"><span style=\"font-family: Open Sans, Arial, sans-serif;\"><span style=\"font-size: small;\">Al termine del dibattito, i partecipanti sono invitati a una\u00a0visita guidata\u00a0alla mostra fotografica e poetica\u00a0\u201c<strong><i>Randag-Oltre il pregiudizio\u201d<\/i>*,<\/strong> curata dai volontari della Croce Rossa Italiana. La mostra offre una riflessione profonda sulle storie e le sfide delle persone senza dimora, dei migranti e di chiunque si trovi in condizioni di vulnerabilit\u00e0.<\/span><\/span><\/span><\/p>\n<p align=\"left\"><strong><em><span style=\"color: #666666;\"><span style=\"font-family: Open Sans, Arial, sans-serif;\"><span style=\"font-size: small;\">NOTA IMPORTANTE DI PANAFRICANDO-APS:<\/span><\/span><\/span><\/em><\/strong><\/p>\n<p align=\"left\"><strong><span style=\"color: #666666;\"><span style=\"font-family: Open Sans, Arial, sans-serif;\"><span style=\"font-size: small;\">Panafricando-Aps estende un invito speciale a tutti i responsabili delle comunit\u00e0 straniere e ai rappresentanti delle associazioni migranti a partecipare numerosi. La vostra presenza \u00e8 fondamentale per portare la voce delle nostre comunit\u00e0 nel dibattito sulle politiche territoriali.<\/span><\/span><\/span><\/strong><\/p>\n<blockquote>\n<p><span><em><span style=\"color: #666666;\"><span style=\"font-family: Open Sans, Arial, sans-serif;\"><span style=\"font-size: small;\"><i><b>Per inscriversi &gt;&gt; :\u00a0<\/b><\/i><\/span><\/span><\/span><\/em><em><a href=\"https:\/\/www.eventbrite.it\/e\/biglietti-spazi-comuni-scelte-condivise-politiche-con-chi-abita-il-territorio-1658904781859?aff=oddtdtcreator\"><span style=\"color: #2ea3f2;\"><span style=\"font-family: Open Sans, Arial, sans-serif;\"><span style=\"font-size: small;\"><i><b>https:\/\/www.eventbrite.it\/e\/biglietti-spazi-comuni-scelte-condivise-politiche-con-chi-abita-il-territorio-1658904781859?aff=oddtdtcreator<\/b><\/i><\/span><\/span><\/span><\/a><\/em><\/span><\/p>\n<\/blockquote>\n<p align=\"left\"><span style=\"color: #666666;\"><span style=\"font-family: Open Sans, Arial, sans-serif;\"><span style=\"font-size: small;\"><i> Servizio comunicazione Panafricando-Aps<\/i><\/span><\/span><\/span><\/p>\n<p>[\/et_pb_text][\/et_pb_column][\/et_pb_row][\/et_pb_section]<\/p>\n","protected":false},"excerpt":{"rendered":"<p>\u2013\u00a0Il Presidente di Panafricando-Aps al Festival dell\u2019Accoglienza: Incontro su Patti e Politiche di Cittadinanza Attiva.Spazi comuni, scelte condivise: un dibattito cruciale sulla co-programmazione e la cura dei beni comuni. Cari, Il Presidente di Panafricando-Aps \u00e8 lieto di annunciare la sua partecipazione come invitato all\u2019importante incontro\u00a0\u201cSpazi comuni, scelte condivise: patti e politiche con chi abita il [&hellip;]<\/p>\n","protected":false},"author":1,"featured_media":4514,"comment_status":"closed","ping_status":"closed","sticky":false,"template":"","format":"standard","meta":{"_et_pb_use_builder":"on","_et_pb_old_content":"","_et_gb_content_width":"","footnotes":""},"categories":[6,4],"tags":[],"class_list":["post-4528","post","type-post","status-publish","format-standard","has-post-thumbnail","hentry","category-attualita","category-eventi"],"_links":{"self":[{"href":"https:\/\/panafricando.org\/index.php\/wp-json\/wp\/v2\/posts\/4528","targetHints":{"allow":["GET"]}}],"collection":[{"href":"https:\/\/panafricando.org\/index.php\/wp-json\/wp\/v2\/posts"}],"about":[{"href":"https:\/\/panafricando.org\/index.php\/wp-json\/wp\/v2\/types\/post"}],"author":[{"embeddable":true,"href":"https:\/\/panafricando.org\/index.php\/wp-json\/wp\/v2\/users\/1"}],"replies":[{"embeddable":true,"href":"https:\/\/panafricando.org\/index.php\/wp-json\/wp\/v2\/comments?post=4528"}],"version-history":[{"count":8,"href":"https:\/\/panafricando.org\/index.php\/wp-json\/wp\/v2\/posts\/4528\/revisions"}],"predecessor-version":[{"id":4540,"href":"https:\/\/panafricando.org\/index.php\/wp-json\/wp\/v2\/posts\/4528\/revisions\/4540"}],"wp:featuredmedia":[{"embeddable":true,"href":"https:\/\/panafricando.org\/index.php\/wp-json\/wp\/v2\/media\/4514"}],"wp:attachment":[{"href":"https:\/\/panafricando.org\/index.php\/wp-json\/wp\/v2\/media?parent=4528"}],"wp:term":[{"taxonomy":"category","embeddable":true,"href":"https:\/\/panafricando.org\/index.php\/wp-json\/wp\/v2\/categories?post=4528"},{"taxonomy":"post_tag","embeddable":true,"href":"https:\/\/panafricando.org\/index.php\/wp-json\/wp\/v2\/tags?post=4528"}],"curies":[{"name":"wp","href":"https:\/\/api.w.org\/{rel}","templated":true}]}}