{"id":4500,"date":"2025-10-17T00:47:55","date_gmt":"2025-10-16T22:47:55","guid":{"rendered":"https:\/\/panafricando.org\/?p=4500"},"modified":"2025-10-17T09:53:58","modified_gmt":"2025-10-17T07:53:58","slug":"open-day-aurora-children-lab","status":"publish","type":"post","link":"https:\/\/panafricando.org\/index.php\/2025\/10\/17\/open-day-aurora-children-lab\/","title":{"rendered":"INVITO ALL&#8217;OPEN DAY DELL&#8217;2\u00b0 ANNO DI ATTIVITA&#8217;- PROGETTO &#8220;AURORA CHILDREN LAB &#8220;"},"content":{"rendered":"<p>[et_pb_section fb_built=&#8221;1&#8243; _builder_version=&#8221;4.17.4&#8243; _module_preset=&#8221;default&#8221; custom_margin=&#8221;||-3px|||&#8221; custom_padding=&#8221;12px||33px||false|&#8221; global_colors_info=&#8221;{}&#8221;][et_pb_row _builder_version=&#8221;4.17.4&#8243; _module_preset=&#8221;default&#8221; custom_margin=&#8221;2px|auto||15px||&#8221; custom_padding=&#8221;15px|||||&#8221; global_colors_info=&#8221;{}&#8221;][et_pb_column type=&#8221;4_4&#8243; _builder_version=&#8221;4.17.4&#8243; _module_preset=&#8221;default&#8221; global_colors_info=&#8221;{}&#8221;][et_pb_text content_tablet=&#8221;<\/p>\n<div class=%22x11i5rnm xat24cr x1mh8g0r x1vvkbs xtlvy1s x126k92a%22>\n<div dir=%22auto%22>\n<p><strong> &#8211; Un Successo Culturale: Panafricando-Aps a &#8216;Portici di Carta 2025&#8217; per la Letteratura Afro-Discendente &#8211;<\/strong><\/p>\n<p><strong>Torino, 6 ottobre 2025<\/strong> \u2013 L&#8217;Associazione Panafricando-Aps ha concluso con grande soddisfazione la sua partecipazione attiva alla manifestazione libraria %22Portici di Carta%22, che svolto a Torino in Piazza Castello le 4 e 5 ottobre 2025.<br \/>Come gi\u00e0 annunciato nell&#8217;invito ai soci, il Presidente dell\u2019Associazione, insieme a membri del Direttivo e numerosi aderenti, ha risposto con entusiasmo, partecipando attivamente alle giornate in Piazza Castello. <br \/>La missione era chiara: rafforzare la promozione e la visibilit\u00e0 degli autori africani e afro-discendenti, valorizzando in particolare la letteratura in lingua italiana di origine africana.<\/p>\n<p><strong>Incontro con gli Autori e Sostegno Concreto.<\/strong><\/p>\n<p>La presenza calorosa e attenta dei rappresentanti di Panafricando-Aps ha consolidato il messaggio di supporto culturale. I soci presenti hanno avuto l&#8217;opportunit\u00e0 di incontrare personalmente e manifestare il proprio sostegno a scrittori di spicco:<\/p>\n<p><strong>Dott. Kossi A. Komla Ebri (Togo)<\/strong>, autore di opere significative come &#8216;L\u00e0 Dove il Vento Cambia&#8217;.<\/p>\n<p><strong>Dott. Emmanuel Edson (Camerun)<\/strong>, con il suo recente lavoro &#8216;La Danza degli Infedeli&#8217;.<\/p>\n<p><strong> La Forza della Presenza, Oltre lo Stand <\/strong><\/p>\n<p>\u00f9%22La nostra presenza a &#8216;<strong>Portici di Carta<\/strong>&#8216;, pur non avendo uno stand espositivo, \u00e8 stata un segnale inequivocabile del nostro profondo impegno,%22 ha dichiarato il Presidente di Panafricando-Aps.<\/p>\n<p>Vedere i nostri soci non solo presenti, ma acquistare attivamente i libri e partecipare alle presentazioni, dimostra che il supporto alla cultura e alla letteratura afro-discendente in Italia \u00e8 un valore vivo e fondamentale per la nostra Associazione.<\/p>\n<p>Ringrazio di cuore tutti coloro che hanno partecipato, dando un contributo tangibile alla nostra missione.<\/p>\n<p>L\u2019Associazione Panafricando-Aps ribadisce con forza il suo ruolo di \u2018\u2019<strong>Ponte Culturale<\/strong>\u2019\u2019 tra l&#8217;Italia e l&#8217;Africa e invita tutti i lettori a continuare a seguire e supportare attivamente gli autori africani e afro-discendenti.<\/p>\n<p>Panafricando-Aps vi d\u00e0 appuntamento ai prossimi eventi in programma, a partire dalla prossima e attesissima \u2018\u2019 <strong>XX*Edizione del Festival Panafricano Torino<\/strong> \u2018\u2019, che si terr\u00e0 come di consueto attorno al \u2018\u2019<strong>25 maggio 2026<\/strong>\u2019\u2019, data commemorativa della creazione dell\u2019Unione Africana (UA).<\/p>\n<p><em>Servizio Comunicazione Panafricando-Aps<\/em><\/p>\n<\/div>\n<\/div>\n<p>&#8221; content_phone=&#8221;<\/p>\n<div class=%22x11i5rnm xat24cr x1mh8g0r x1vvkbs xtlvy1s x126k92a%22>\n<div dir=%22auto%22>\n<p><strong> &#8211; Un Successo Culturale: Panafricando-Aps a &#8216;Portici di Carta 2025&#8217; per la Letteratura Afro-Discendente &#8211;<\/strong><\/p>\n<p><strong>Torino, 6 ottobre 2025<\/strong> \u2013 L&#8217;Associazione Panafricando-Aps ha concluso con grande soddisfazione la sua partecipazione attiva alla manifestazione libraria %22Portici di Carta%22, che svolto a Torino in Piazza Castello le 4 e 5 ottobre 2025.<br \/>Come gi\u00e0 annunciato nell&#8217;invito ai soci, il Presidente dell\u2019Associazione, insieme a membri del Direttivo e numerosi aderenti, ha risposto con entusiasmo, partecipando attivamente alle giornate in Piazza Castello. <br \/>La missione era chiara: rafforzare la promozione e la visibilit\u00e0 degli autori africani e afro-discendenti, valorizzando in particolare la letteratura in lingua italiana di origine africana.<\/p>\n<p><strong>Incontro con gli Autori e Sostegno Concreto.<\/strong><\/p>\n<p>La presenza calorosa e attenta dei rappresentanti di Panafricando-Aps ha consolidato il messaggio di supporto culturale. I soci presenti hanno avuto l&#8217;opportunit\u00e0 di incontrare personalmente e manifestare il proprio sostegno a scrittori di spicco:<\/p>\n<p><strong>Dott. Kossi A. Komla Ebri (Togo)<\/strong>, autore di opere significative come &#8216;L\u00e0 Dove il Vento Cambia&#8217;.<\/p>\n<p><strong>Dott. Emmanuel Edson (Camerun)<\/strong>, con il suo recente lavoro &#8216;La Danza degli Infedeli&#8217;.<\/p>\n<p><strong> La Forza della Presenza, Oltre lo Stand <\/strong><\/p>\n<p>\u00f9%22La nostra presenza a &#8216;<strong>Portici di Carta<\/strong>&#8216;, pur non avendo uno stand espositivo, \u00e8 stata un segnale inequivocabile del nostro profondo impegno,%22 ha dichiarato il Presidente di Panafricando-Aps.<\/p>\n<p>Vedere i nostri soci non solo presenti, ma acquistare attivamente i libri e partecipare alle presentazioni, dimostra che il supporto alla cultura e alla letteratura afro-discendente in Italia \u00e8 un valore vivo e fondamentale per la nostra Associazione.<\/p>\n<p>Ringrazio di cuore tutti coloro che hanno partecipato, dando un contributo tangibile alla nostra missione.<\/p>\n<p>L\u2019Associazione Panafricando-Aps ribadisce con forza il suo ruolo di \u2018\u2019<strong>Ponte Culturale<\/strong>\u2019\u2019 tra l&#8217;Italia e l&#8217;Africa e invita tutti i lettori a continuare a seguire e supportare attivamente gli autori africani e afro-discendenti.<\/p>\n<p>Panafricando-Aps vi d\u00e0 appuntamento ai prossimi eventi in programma, a partire dalla prossima e attesissima \u2018\u2019 <strong>XX*Edizione del Festival Panafricano Torino<\/strong> \u2018\u2019, che si terr\u00e0 come di consueto attorno al \u2018\u2019<strong>25 maggio 2026<\/strong>\u2019\u2019, data commemorativa della creazione dell\u2019Unione Africana (UA).<\/p>\n<p><em>Servizio Comunicazione Panafricando-Aps<\/em><\/p>\n<\/div>\n<\/div>\n<p>&#8221; content_last_edited=&#8221;on|desktop&#8221; _builder_version=&#8221;4.17.4&#8243; _module_preset=&#8221;default&#8221; custom_margin=&#8221;|-17px||-17px|false|true&#8221; custom_padding=&#8221;6px||6px||true|false&#8221; hover_enabled=&#8221;0&#8243; global_colors_info=&#8221;{}&#8221; sticky_enabled=&#8221;0&#8243;]<\/p>\n<div class=\"x11i5rnm xat24cr x1mh8g0r x1vvkbs xtlvy1s x126k92a\">\n<div dir=\"auto\">\n<p><strong>\u00a0&#8211; <\/strong><b>Panafricando-Aps i<span>nvita tutti all&#8217;Open Day dell&#8217; 2\u00b0 Anno di Attivit\u00e0- Progetto &#8220;Aurora Children Lab&#8221;.<\/span><\/b><\/p>\n<p><b style=\"font-size: 14px;\"><span>Cari,<br \/><\/span><\/b>Desidero estendervi un cordiale invito all&#8217;<strong>Open Day<\/strong> del secondo anno di attivit\u00e0 del progetto &#8220;<strong>Aurora Children Lab<\/strong>&#8220;.<b style=\"font-size: 14px;\"><\/b><\/p>\n<p><span>L&#8217;evento si terr\u00e0<strong> Luned\u00ec 20 ottobre, dalle ore 17:00 alle ore 19:00,<\/strong> presso la sede di <strong>via Lungo Dora Napoli 16.<\/strong><\/span><\/p>\n<p><span>Sar\u00e0 un&#8217;ottima occasione per toccare con mano le attivit\u00e0 e i progressi raggiunti grazie anche al Vostro prezioso supporto.<\/span><\/p>\n<p><span>Per maggiori dettagli sul progetto, potete consultare il link:<\/span><a rel=\"noopener noreferrer\" target=\"_blank\" href=\"https:\/\/www.aurorachildrenlab.it\/aurora-children-lab-italiano\/\">https:\/\/www.aurorachildrenlab.it\/aurora-children-lab-italiano\/<\/a><\/p>\n<p><b style=\"font-size: 14px;\"><span>Ringraziando anticipatamente per la Vostra attenzione, porgo i miei pi\u00f9 Cordiali saluti.<br \/><\/span><\/b><br \/><i style=\"font-size: 14px;\">Servizio comunicazione Panafricando-Aps<\/i><\/p>\n<\/div>\n<\/div>\n<p>[\/et_pb_text][et_pb_image src=&#8221;http:\/\/panafricando.org\/wp-content\/uploads\/2025\/10\/OPEN-DAY-AURORA-CHILDREN-LAB-1-1.png&#8221; title_text=&#8221;OPEN DAY AURORA CHILDREN LAB! (1) (1)&#8221; _builder_version=&#8221;4.17.4&#8243; _module_preset=&#8221;default&#8221; global_colors_info=&#8221;{}&#8221;][\/et_pb_image][\/et_pb_column][\/et_pb_row][\/et_pb_section]<\/p>\n","protected":false},"excerpt":{"rendered":"<p>\u00a0&#8211; Panafricando-Aps invita tutti all&#8217;Open Day dell&#8217; 2\u00b0 Anno di Attivit\u00e0- Progetto &#8220;Aurora Children Lab&#8221;. Cari,Desidero estendervi un cordiale invito all&#8217;Open Day del secondo anno di attivit\u00e0 del progetto &#8220;Aurora Children Lab&#8221;. L&#8217;evento si terr\u00e0 Luned\u00ec 20 ottobre, dalle ore 17:00 alle ore 19:00, presso la sede di via Lungo Dora Napoli 16. Sar\u00e0 un&#8217;ottima [&hellip;]<\/p>\n","protected":false},"author":1,"featured_media":4498,"comment_status":"closed","ping_status":"closed","sticky":false,"template":"","format":"standard","meta":{"_et_pb_use_builder":"on","_et_pb_old_content":"","_et_gb_content_width":"","footnotes":""},"categories":[6,4],"tags":[],"class_list":["post-4500","post","type-post","status-publish","format-standard","has-post-thumbnail","hentry","category-attualita","category-eventi"],"_links":{"self":[{"href":"https:\/\/panafricando.org\/index.php\/wp-json\/wp\/v2\/posts\/4500","targetHints":{"allow":["GET"]}}],"collection":[{"href":"https:\/\/panafricando.org\/index.php\/wp-json\/wp\/v2\/posts"}],"about":[{"href":"https:\/\/panafricando.org\/index.php\/wp-json\/wp\/v2\/types\/post"}],"author":[{"embeddable":true,"href":"https:\/\/panafricando.org\/index.php\/wp-json\/wp\/v2\/users\/1"}],"replies":[{"embeddable":true,"href":"https:\/\/panafricando.org\/index.php\/wp-json\/wp\/v2\/comments?post=4500"}],"version-history":[{"count":9,"href":"https:\/\/panafricando.org\/index.php\/wp-json\/wp\/v2\/posts\/4500\/revisions"}],"predecessor-version":[{"id":4511,"href":"https:\/\/panafricando.org\/index.php\/wp-json\/wp\/v2\/posts\/4500\/revisions\/4511"}],"wp:featuredmedia":[{"embeddable":true,"href":"https:\/\/panafricando.org\/index.php\/wp-json\/wp\/v2\/media\/4498"}],"wp:attachment":[{"href":"https:\/\/panafricando.org\/index.php\/wp-json\/wp\/v2\/media?parent=4500"}],"wp:term":[{"taxonomy":"category","embeddable":true,"href":"https:\/\/panafricando.org\/index.php\/wp-json\/wp\/v2\/categories?post=4500"},{"taxonomy":"post_tag","embeddable":true,"href":"https:\/\/panafricando.org\/index.php\/wp-json\/wp\/v2\/tags?post=4500"}],"curies":[{"name":"wp","href":"https:\/\/api.w.org\/{rel}","templated":true}]}}