{"id":3645,"date":"2025-04-02T20:52:09","date_gmt":"2025-04-02T18:52:09","guid":{"rendered":"https:\/\/panafricando.org\/?p=3645"},"modified":"2025-04-15T22:45:14","modified_gmt":"2025-04-15T20:45:14","slug":"panafricando-asp-e-stato-dallassociazione-ne-tenere-niger-per-piantumazione-di-un-albero-che-hanno-donato-al-comune-di-torino","status":"publish","type":"post","link":"https:\/\/panafricando.org\/index.php\/2025\/04\/02\/panafricando-asp-e-stato-dallassociazione-ne-tenere-niger-per-piantumazione-di-un-albero-che-hanno-donato-al-comune-di-torino\/","title":{"rendered":"Panafricando-Aps, \u00e8 stato invitata dall&#8217;associazione &#8221;Ne T\u00e8n\u00e8r\u00e8 &#8221;- Niger per piantumazione dell&#8217;albero donato al Comune di Torino."},"content":{"rendered":"<p>[et_pb_section fb_built=&#8221;1&#8243; _builder_version=&#8221;4.17.4&#8243; _module_preset=&#8221;default&#8221; custom_padding=&#8221;12px||33px||false|&#8221; global_colors_info=&#8221;{}&#8221;][et_pb_row _builder_version=&#8221;4.17.4&#8243; _module_preset=&#8221;default&#8221; custom_margin=&#8221;29px|auto||15px||&#8221; custom_padding=&#8221;15px|||||&#8221; global_colors_info=&#8221;{}&#8221;][et_pb_column type=&#8221;4_4&#8243; _builder_version=&#8221;4.17.4&#8243; _module_preset=&#8221;default&#8221; global_colors_info=&#8221;{}&#8221;][et_pb_text _builder_version=&#8221;4.17.4&#8243; _module_preset=&#8221;default&#8221; custom_margin=&#8221;|-17px|99px|-17px|false|true&#8221; custom_padding=&#8221;6px||6px||true|false&#8221; hover_enabled=&#8221;0&#8243; global_colors_info=&#8221;{}&#8221; sticky_enabled=&#8221;0&#8243;]<\/p>\n<h3 class=\"x11i5rnm xat24cr x1mh8g0r x1vvkbs xtlvy1s x126k92a\"><strong>Panafricando-Asp, \u00e8 stato dall\u2019associazione \u201dNe T\u00e8n\u00e8r\u00e8 \u201d- Niger per piantumazione di un albero che hanno donato al Comune di Torino.<\/strong><\/h3>\n<div dir=\"auto\">\n<div class=\"v1gmail_default\">\n<blockquote>\n<p><strong>Caro Presidente,<\/strong><\/p>\n<p>Spero questa comunicazione ti trovi al meglio. Con la presente, desidero invitarti personalmente a un evento di particolare significato organizzato dalla nostra Associazione Ne T\u00e8n\u00e8r\u00e8. Mercoled\u00ec 2 aprile alle ore 8.30, presso il Parco Ruffini, avr\u00e0 luogo la piantumazione di un albero di acacia che abbiamo donato al Comune di Torino.<\/p>\n<p>&nbsp;<\/p>\n<p>Questo albero, ispirato all&#8217;albero del T\u00e8n\u00e8r\u00e8, un&#8217;acacia che ha resistito per millenni alle difficili condizioni del deserto del Sahara, simboleggia per noi un valore profondo di resilienza, resistenza e vita. \u00c8 un omaggio che abbiamo voluto fare alla citt\u00e0 di Torino, per rafforzare il legame che ci unisce e per esprimere il nostro sincero ringraziamento per l&#8217;accoglienza ricevuta. Inoltre, attraverso questo gesto, desideriamo contribuire concretamente alla sensibilizzazione sui temi della sostenibilit\u00e0 ambientale e promuovere un futuro pi\u00f9 ecosostenibile.<\/p>\n<p>&nbsp;<\/p>\n<p>Sarebbe per noi un onore poterti avere con noi in questa occasione. Se lo desiderassi, ci farebbe molto piacere che tu possa intervenire con un breve discorso, per sancire insieme questo momento di grande valore simbolico.<\/p>\n<p>&nbsp;<\/p>\n<p>In attesa di un tuo riscontro, ti porgo i miei pi\u00f9 cordiali saluti.<\/p>\n<p>&nbsp;<\/p>\n<p><strong>Mamane Lamine Sidi <\/strong><br \/><strong>Presidente Associazione Ne T\u00e8n\u00e8r\u00e8, Associazione della comunit\u00e0 del Niger APS<\/strong><\/p>\n<\/blockquote>\n<\/div>\n<\/div>\n<div class=\"x11i5rnm xat24cr x1mh8g0r x1vvkbs xtlvy1s x126k92a\">\n<div dir=\"auto\"><strong>Servizio Com-Panafricando-Aps<\/strong><\/div>\n<\/div>\n<p>[\/et_pb_text][et_pb_gallery _builder_version=&#8221;4.17.4&#8243; _module_preset=&#8221;default&#8221; gallery_ids=&#8221;3651,3649,3648,3647&#8243; hover_enabled=&#8221;0&#8243; sticky_enabled=&#8221;0&#8243;][\/et_pb_gallery][et_pb_image title_text=&#8221;Locandina conferenza stampa 20 gennaio-fiumediculture-25(ok)&#8221; _builder_version=&#8221;4.17.4&#8243; _module_preset=&#8221;default&#8221; global_colors_info=&#8221;{}&#8221;][\/et_pb_image][\/et_pb_column][\/et_pb_row][\/et_pb_section]<\/p>\n","protected":false},"excerpt":{"rendered":"<p>Panafricando-Asp, \u00e8 stato dall\u2019associazione \u201dNe T\u00e8n\u00e8r\u00e8 \u201d- Niger per piantumazione di un albero che hanno donato al Comune di Torino. Caro Presidente, Spero questa comunicazione ti trovi al meglio. Con la presente, desidero invitarti personalmente a un evento di particolare significato organizzato dalla nostra Associazione Ne T\u00e8n\u00e8r\u00e8. Mercoled\u00ec 2 aprile alle ore 8.30, presso il [&hellip;]<\/p>\n","protected":false},"author":1,"featured_media":3650,"comment_status":"closed","ping_status":"closed","sticky":false,"template":"","format":"standard","meta":{"_et_pb_use_builder":"on","_et_pb_old_content":"","_et_gb_content_width":"","footnotes":""},"categories":[6],"tags":[],"class_list":["post-3645","post","type-post","status-publish","format-standard","has-post-thumbnail","hentry","category-attualita"],"_links":{"self":[{"href":"https:\/\/panafricando.org\/index.php\/wp-json\/wp\/v2\/posts\/3645","targetHints":{"allow":["GET"]}}],"collection":[{"href":"https:\/\/panafricando.org\/index.php\/wp-json\/wp\/v2\/posts"}],"about":[{"href":"https:\/\/panafricando.org\/index.php\/wp-json\/wp\/v2\/types\/post"}],"author":[{"embeddable":true,"href":"https:\/\/panafricando.org\/index.php\/wp-json\/wp\/v2\/users\/1"}],"replies":[{"embeddable":true,"href":"https:\/\/panafricando.org\/index.php\/wp-json\/wp\/v2\/comments?post=3645"}],"version-history":[{"count":9,"href":"https:\/\/panafricando.org\/index.php\/wp-json\/wp\/v2\/posts\/3645\/revisions"}],"predecessor-version":[{"id":3746,"href":"https:\/\/panafricando.org\/index.php\/wp-json\/wp\/v2\/posts\/3645\/revisions\/3746"}],"wp:featuredmedia":[{"embeddable":true,"href":"https:\/\/panafricando.org\/index.php\/wp-json\/wp\/v2\/media\/3650"}],"wp:attachment":[{"href":"https:\/\/panafricando.org\/index.php\/wp-json\/wp\/v2\/media?parent=3645"}],"wp:term":[{"taxonomy":"category","embeddable":true,"href":"https:\/\/panafricando.org\/index.php\/wp-json\/wp\/v2\/categories?post=3645"},{"taxonomy":"post_tag","embeddable":true,"href":"https:\/\/panafricando.org\/index.php\/wp-json\/wp\/v2\/tags?post=3645"}],"curies":[{"name":"wp","href":"https:\/\/api.w.org\/{rel}","templated":true}]}}