{"id":3030,"date":"2024-10-23T15:35:40","date_gmt":"2024-10-23T13:35:40","guid":{"rendered":"https:\/\/panafricando.org\/?p=3030"},"modified":"2024-10-23T17:09:32","modified_gmt":"2024-10-23T15:09:32","slug":"formazione-di-animatori-interculturali","status":"publish","type":"post","link":"https:\/\/panafricando.org\/index.php\/2024\/10\/23\/formazione-di-animatori-interculturali\/","title":{"rendered":"Formazione di animatori Interculturali"},"content":{"rendered":"<p>[et_pb_section fb_built=&#8221;1&#8243; _builder_version=&#8221;4.17.4&#8243; _module_preset=&#8221;default&#8221; custom_padding=&#8221;18px||33px||false|&#8221; global_colors_info=&#8221;{}&#8221;][et_pb_row _builder_version=&#8221;4.17.4&#8243; _module_preset=&#8221;default&#8221; global_colors_info=&#8221;{}&#8221; custom_padding=&#8221;6px|||||&#8221;][et_pb_column type=&#8221;4_4&#8243; _builder_version=&#8221;4.17.4&#8243; _module_preset=&#8221;default&#8221; global_colors_info=&#8221;{}&#8221;][et_pb_text _builder_version=&#8221;4.17.4&#8243; _module_preset=&#8221;default&#8221; custom_margin=&#8221;|10px||10px|false|true&#8221; custom_padding=&#8221;6px||6px||true|false&#8221; hover_enabled=&#8221;0&#8243; global_colors_info=&#8221;{}&#8221; sticky_enabled=&#8221;0&#8243;]<\/p>\n<div class=\"x11i5rnm xat24cr x1mh8g0r x1vvkbs xtlvy1s x126k92a\">\n<div dir=\"auto\">\n<p><strong><span style=\"font-size: 14px;\">Panafricando-Aps , vi mette a disposizione il presente articolo\u00a0 \u00a0del corso di f<\/span>ormazione di animatori Interculturali in collaborazione con ASAI (Associazione di Animazione Interculturale).<\/strong><\/p>\n<p><strong>DESTINATARI<\/strong><br \/>Il percorso formativo \u00e8 rivolto in particolare a giovani interessati e predisposti a lavorare con ragazzi e adolescenti in situazioni multiculturali e\/o che hanno gi\u00e0 maturato esperienze in gruppi di animazione.<\/p>\n<p><strong>Prerequisiti<\/strong>:<br \/>\u2013 aver sviluppato adeguati strumenti culturali;<br \/>\u2013 possedere un buon grado di dinamismo, flessibilit\u00e0, capacit\u00e0 ad interagire con le persone;<br \/>\u2013 predisposizione a muoversi in situazioni di complessit\u00e0, sensibilit\u00e0 alle problematiche sociali, disponibilit\u00e0 a mettersi in gioco e interesse a sviluppare progetti sul territorio;<br \/>\u2013 possedere una buona conoscenza della lingua italiana.<\/p>\n<p>Il corso pu\u00f2 essere seguito da chiunque sia sorretto da adeguata motivazione.<\/p>\n<h4><strong>PERIODO, INCONTRI E ORARI<\/strong><br \/>Dal 12 novembre 2024 a fine maggio 2025<\/p>\n<p>Link per avere tutti i detagli.<br \/><a href=\"http:\/\/www.interculturatorino.it\/corsi-e-laboratori\/corsi-e-laboratori-2024-2025\/animatori-interculturali\/\">http:\/\/www.interculturatorino.it\/corsi-e-laboratori\/corsi-e-laboratori-2024-2025\/animatori-interculturali\/<\/a><\/h4>\n<p>&nbsp;<\/p>\n<\/div>\n<\/div>\n<div class=\"x11i5rnm xat24cr x1mh8g0r x1vvkbs xtlvy1s x126k92a\">\n<div dir=\"auto\"><strong>Servizio Com-Panafricando-Aps<\/strong><\/div>\n<\/div>\n<p>[\/et_pb_text][\/et_pb_column][\/et_pb_row][\/et_pb_section]<\/p>\n","protected":false},"excerpt":{"rendered":"<p>Panafricando-Aps , vi mette a disposizione il presente articolo\u00a0 \u00a0del corso di formazione di animatori Interculturali in collaborazione con ASAI (Associazione di Animazione Interculturale). DESTINATARIIl percorso formativo \u00e8 rivolto in particolare a giovani interessati e predisposti a lavorare con ragazzi e adolescenti in situazioni multiculturali e\/o che hanno gi\u00e0 maturato esperienze in gruppi di animazione. [&hellip;]<\/p>\n","protected":false},"author":1,"featured_media":3032,"comment_status":"closed","ping_status":"closed","sticky":false,"template":"","format":"standard","meta":{"_et_pb_use_builder":"on","_et_pb_old_content":"","_et_gb_content_width":"","footnotes":""},"categories":[14],"tags":[],"class_list":["post-3030","post","type-post","status-publish","format-standard","has-post-thumbnail","hentry","category-info-utile"],"_links":{"self":[{"href":"https:\/\/panafricando.org\/index.php\/wp-json\/wp\/v2\/posts\/3030","targetHints":{"allow":["GET"]}}],"collection":[{"href":"https:\/\/panafricando.org\/index.php\/wp-json\/wp\/v2\/posts"}],"about":[{"href":"https:\/\/panafricando.org\/index.php\/wp-json\/wp\/v2\/types\/post"}],"author":[{"embeddable":true,"href":"https:\/\/panafricando.org\/index.php\/wp-json\/wp\/v2\/users\/1"}],"replies":[{"embeddable":true,"href":"https:\/\/panafricando.org\/index.php\/wp-json\/wp\/v2\/comments?post=3030"}],"version-history":[{"count":6,"href":"https:\/\/panafricando.org\/index.php\/wp-json\/wp\/v2\/posts\/3030\/revisions"}],"predecessor-version":[{"id":3038,"href":"https:\/\/panafricando.org\/index.php\/wp-json\/wp\/v2\/posts\/3030\/revisions\/3038"}],"wp:featuredmedia":[{"embeddable":true,"href":"https:\/\/panafricando.org\/index.php\/wp-json\/wp\/v2\/media\/3032"}],"wp:attachment":[{"href":"https:\/\/panafricando.org\/index.php\/wp-json\/wp\/v2\/media?parent=3030"}],"wp:term":[{"taxonomy":"category","embeddable":true,"href":"https:\/\/panafricando.org\/index.php\/wp-json\/wp\/v2\/categories?post=3030"},{"taxonomy":"post_tag","embeddable":true,"href":"https:\/\/panafricando.org\/index.php\/wp-json\/wp\/v2\/tags?post=3030"}],"curies":[{"name":"wp","href":"https:\/\/api.w.org\/{rel}","templated":true}]}}