{"id":1601,"date":"2023-12-13T14:12:19","date_gmt":"2023-12-13T13:12:19","guid":{"rendered":"https:\/\/panafricando.org\/?p=1601"},"modified":"2023-12-14T14:29:35","modified_gmt":"2023-12-14T13:29:35","slug":"presentazione-in-anteprima-del-film-documentario-a-nord-di-lampedusa","status":"publish","type":"post","link":"https:\/\/panafricando.org\/index.php\/2023\/12\/13\/presentazione-in-anteprima-del-film-documentario-a-nord-di-lampedusa\/","title":{"rendered":"Presentazione in anteprima del film documentario &#8221; A nord di Lampedusa&#8221;"},"content":{"rendered":"<p>[et_pb_section fb_built=&#8221;1&#8243; _builder_version=&#8221;4.17.4&#8243; _module_preset=&#8221;default&#8221; custom_padding=&#8221;33px||33px||false|&#8221; global_colors_info=&#8221;{}&#8221;][et_pb_row _builder_version=&#8221;4.17.4&#8243; _module_preset=&#8221;default&#8221; global_colors_info=&#8221;{}&#8221;][et_pb_column type=&#8221;4_4&#8243; _builder_version=&#8221;4.17.4&#8243; _module_preset=&#8221;default&#8221; global_colors_info=&#8221;{}&#8221;][et_pb_text _builder_version=&#8221;4.17.4&#8243; _module_preset=&#8221;default&#8221; hover_enabled=&#8221;0&#8243; global_colors_info=&#8221;{}&#8221; sticky_enabled=&#8221;0&#8243;]<\/p>\n<div class=\"x11i5rnm xat24cr x1mh8g0r x1vvkbs xtlvy1s x126k92a\">\n<div dir=\"auto\">\n<p>PANAFRICANDO-APS, E STATO INVITATA DA DUE CONSIGLIERI COMUNALE DI TORINO A PALAZZO DI CITTA&#8217; SALA DELLE COLONNE&#8221; PER ASSISTERE ALLA PRESENTATAZIONE DELL&#8217;ANTEPRIMA DEL FILM DOCUMENTARIO.<\/p>\n<p>Mercoled\u00ec alle 17 A\u00a0 \u00e8 stato presento il documentario in Comune a Torino: con noi ci sar\u00e0 anche Vito Fiorino, e ci sar\u00e0 Alessandra Ballerini, avvocata che da decenni \u00e8 in prima linea per la difesa dei diritti umani.\u00a0<\/p>\n<\/div>\n<\/div>\n<div class=\"x11i5rnm xat24cr x1mh8g0r x1vvkbs xtlvy1s x126k92a\">\n<div dir=\"auto\">\n<div dir=\"auto\">Nel naufragio di Lampedusa del 3 ottobre 2013 morirono in 368. Quella notte, il pescatore Vito Fiorino salv\u00f2 dal mare 47 persone.<\/div>\n<div dir=\"auto\"><\/div>\n<div dir=\"auto\">La storia di Fiorino e delle persone che ha salvato \u00e8 al centro del documentario appena finito di realizzare da Alessandro Rocca e Davide Demichelis.\u00a0<\/div>\n<div dir=\"auto\"><\/div>\n<\/div>\n<\/div>\n<div class=\"x11i5rnm xat24cr x1mh8g0r x1vvkbs xtlvy1s x126k92a\">\n<div dir=\"auto\"><\/div>\n<div dir=\"auto\"><strong>Servizio Com-Panafricando-Aps<\/strong><\/div>\n<\/div>\n<p>[\/et_pb_text][\/et_pb_column][\/et_pb_row][\/et_pb_section]<\/p>\n","protected":false},"excerpt":{"rendered":"<p>PANAFRICANDO-APS, E STATO INVITATA DA DUE CONSIGLIERI COMUNALE DI TORINO A PALAZZO DI CITTA&#8217; SALA DELLE COLONNE&#8221; PER ASSISTERE ALLA PRESENTATAZIONE DELL&#8217;ANTEPRIMA DEL FILM DOCUMENTARIO. Mercoled\u00ec alle 17 A\u00a0 \u00e8 stato presento il documentario in Comune a Torino: con noi ci sar\u00e0 anche Vito Fiorino, e ci sar\u00e0 Alessandra Ballerini, avvocata che da decenni \u00e8 [&hellip;]<\/p>\n","protected":false},"author":1,"featured_media":1603,"comment_status":"closed","ping_status":"closed","sticky":false,"template":"","format":"standard","meta":{"_et_pb_use_builder":"on","_et_pb_old_content":"","_et_gb_content_width":"","footnotes":""},"categories":[6,4],"tags":[],"class_list":["post-1601","post","type-post","status-publish","format-standard","has-post-thumbnail","hentry","category-attualita","category-eventi"],"_links":{"self":[{"href":"https:\/\/panafricando.org\/index.php\/wp-json\/wp\/v2\/posts\/1601","targetHints":{"allow":["GET"]}}],"collection":[{"href":"https:\/\/panafricando.org\/index.php\/wp-json\/wp\/v2\/posts"}],"about":[{"href":"https:\/\/panafricando.org\/index.php\/wp-json\/wp\/v2\/types\/post"}],"author":[{"embeddable":true,"href":"https:\/\/panafricando.org\/index.php\/wp-json\/wp\/v2\/users\/1"}],"replies":[{"embeddable":true,"href":"https:\/\/panafricando.org\/index.php\/wp-json\/wp\/v2\/comments?post=1601"}],"version-history":[{"count":3,"href":"https:\/\/panafricando.org\/index.php\/wp-json\/wp\/v2\/posts\/1601\/revisions"}],"predecessor-version":[{"id":1605,"href":"https:\/\/panafricando.org\/index.php\/wp-json\/wp\/v2\/posts\/1601\/revisions\/1605"}],"wp:featuredmedia":[{"embeddable":true,"href":"https:\/\/panafricando.org\/index.php\/wp-json\/wp\/v2\/media\/1603"}],"wp:attachment":[{"href":"https:\/\/panafricando.org\/index.php\/wp-json\/wp\/v2\/media?parent=1601"}],"wp:term":[{"taxonomy":"category","embeddable":true,"href":"https:\/\/panafricando.org\/index.php\/wp-json\/wp\/v2\/categories?post=1601"},{"taxonomy":"post_tag","embeddable":true,"href":"https:\/\/panafricando.org\/index.php\/wp-json\/wp\/v2\/tags?post=1601"}],"curies":[{"name":"wp","href":"https:\/\/api.w.org\/{rel}","templated":true}]}}